{"id":88,"date":"2006-01-02T22:43:56","date_gmt":"2006-01-02T13:43:56","guid":{"rendered":"http:\/\/bertilow.com\/blogo\/?p=88"},"modified":"2006-01-27T19:17:55","modified_gmt":"2006-01-27T10:17:55","slug":"kopfzerbrechen-fuer-den-sprachlerner-2-kaporompado-por-la-lingvolernanto-2","status":"publish","type":"post","link":"https:\/\/bertilow.com\/blogo\/2006\/01\/kopfzerbrechen-fuer-den-sprachlerner-2-kaporompado-por-la-lingvolernanto-2\/","title":{"rendered":"Kopfzerbrechen f\u00fcr den Sprachlerner 2 \/ Kaporompado por la lingvolernanto 2"},"content":{"rendered":"<p class=\"de\">Damit euch die Zeit ohne Eintr\u00e4ge nicht allzu lang wird, heute mal wieder was zum R\u00e4tseln.  Ihr k\u00f6nnt euch vielleicht auch noch an <a href=\"\/blogo\/?p=58\">Kopfzerbrechen f\u00fcr den Sprachlerner 1<\/a> erinnern?<\/p>\n<p>Por ke la tempo sen afi\u015doj ne i\u011du al vi tro longa, jen denove io por diveni. Vi eble anka\u016d rememoras la  <a href=\"\/blogo\/?p=58\">Kaporompadon por la lingvolernanto 1<\/a>?<\/p>\n<p><!--more--><\/p>\n<p class=\"de\">Hier also eine weitere Seite aus dem Koreanisch-Lehrbuch. Welche W\u00f6rter sollen die Bilder wohl illustrieren?<br \/>\nEure Rateversuche als Kommentare zur Unterhaltung aller sind willkommen!<\/p>\n<p>Jen do plia pa\u011do el tiu lernolibro por la Korea. Kiujn vortojn kredeble ilustru la bildoj? Viaj kura\u011daj divenoprovoj kiel komentoj por distri \u0109iujn estas bonvenaj!<\/p>\n<div><img decoding=\"async\" id=\"b-so.png\" src=\"\/blogo\/wp-content\/uploads\/so.png\" alt=\"\" \/><\/div>\n<p><br style=\"clear:both\" \/><\/p>\n","protected":false},"excerpt":{"rendered":"<p>Damit euch die Zeit ohne Eintr\u00e4ge nicht allzu lang wird, heute mal wieder was zum R\u00e4tseln. Ihr k\u00f6nnt euch vielleicht auch noch an Kopfzerbrechen f\u00fcr den Sprachlerner 1 erinnern? Por ke la tempo sen afi\u015doj ne i\u011du al vi tro longa, jen denove io por diveni. Vi eble anka\u016d rememoras la Kaporompadon por la lingvolernanto &hellip; <a href=\"https:\/\/bertilow.com\/blogo\/2006\/01\/kopfzerbrechen-fuer-den-sprachlerner-2-kaporompado-por-la-lingvolernanto-2\/\" class=\"more-link\">Da\u016drigi legadon<span class=\"screen-reader-text\"> &#8220;Kopfzerbrechen f\u00fcr den Sprachlerner 2 \/ Kaporompado por la lingvolernanto 2&#8221;<\/span><\/a><\/p>\n","protected":false},"author":3,"featured_media":0,"comment_status":"closed","ping_status":"closed","sticky":false,"template":"","format":"standard","meta":{"footnotes":""},"categories":[2,1],"tags":[9,8],"_links":{"self":[{"href":"https:\/\/bertilow.com\/blogo\/wp-json\/wp\/v2\/posts\/88"}],"collection":[{"href":"https:\/\/bertilow.com\/blogo\/wp-json\/wp\/v2\/posts"}],"about":[{"href":"https:\/\/bertilow.com\/blogo\/wp-json\/wp\/v2\/types\/post"}],"author":[{"embeddable":true,"href":"https:\/\/bertilow.com\/blogo\/wp-json\/wp\/v2\/users\/3"}],"replies":[{"embeddable":true,"href":"https:\/\/bertilow.com\/blogo\/wp-json\/wp\/v2\/comments?post=88"}],"version-history":[{"count":0,"href":"https:\/\/bertilow.com\/blogo\/wp-json\/wp\/v2\/posts\/88\/revisions"}],"wp:attachment":[{"href":"https:\/\/bertilow.com\/blogo\/wp-json\/wp\/v2\/media?parent=88"}],"wp:term":[{"taxonomy":"category","embeddable":true,"href":"https:\/\/bertilow.com\/blogo\/wp-json\/wp\/v2\/categories?post=88"},{"taxonomy":"post_tag","embeddable":true,"href":"https:\/\/bertilow.com\/blogo\/wp-json\/wp\/v2\/tags?post=88"}],"curies":[{"name":"wp","href":"https:\/\/api.w.org\/{rel}","templated":true}]}}