{"id":72,"date":"2005-08-15T23:47:28","date_gmt":"2005-08-15T14:47:28","guid":{"rendered":"http:\/\/bertilow.com\/blogo\/?p=72"},"modified":"2005-08-16T08:34:12","modified_gmt":"2005-08-15T23:34:12","slug":"unser-usa-bild-nia-usono-bildo","status":"publish","type":"post","link":"https:\/\/bertilow.com\/blogo\/2005\/08\/unser-usa-bild-nia-usono-bildo\/","title":{"rendered":"Unser USA-Bild \/ Nia Usono-bildo"},"content":{"rendered":"<div class=\"bildo dekstra\"><a href=\"\/blogo\/wp-content\/uploads\/usona_parado.png\"><img decoding=\"async\" id=\"b-usona_parado.png\" src=\"\/blogo\/wp-content\/uploads\/thumb-usona_parado.png\" alt=\"\" \/><\/a><\/div>\n<p class=\"de\">Wir sind seit dem 9. August wieder in Korea, es wurde also Zeit, unser Korea-Bild in der Kopfzeile wieder einzuwechseln. Das USA-Bild wollen wir aber hier im Blog bewahren, weil&#8217;s so sch\u00f6n geworden ist &#8211; mit Bertil, der wie ein &#8220;Eingeborener&#8221; aussieht. \ud83d\ude42 (Na ja, zumindest den Stereotypen \u00fcber das Aussehen von US-Amerikanern nach.)<br \/>\nVielleicht wird es irgendwann noch einmal unser Bild in der Kopfzeile, wer wei\u00df?<\/p>\n<p>De la 9a de A\u016dgusto ni estas denove en Koreujo. Fari\u011dis do tempo denove \u015dan\u011di en la pa\u011dokapo al nia Korea bildo. La Usono-bildon ni tamen volas reteni \u0109i tie en la blogo, \u0109ar \u011di fari\u011dis tiel bela &#8211; kun Bertilo aspektanta kiel &#8220;indi\u011deno&#8221;. \ud83d\ude42 (Nu, almena\u016d la\u016d la stereotipoj pri la aspekto de Usonanoj.)<br \/>\nEble \u011di iam denove fari\u011dos nia kapobildo, kiu scias?<\/p>\n","protected":false},"excerpt":{"rendered":"<p>Wir sind seit dem 9. August wieder in Korea, es wurde also Zeit, unser Korea-Bild in der Kopfzeile wieder einzuwechseln. Das USA-Bild wollen wir aber hier im Blog bewahren, weil&#8217;s so sch\u00f6n geworden ist &#8211; mit Bertil, der wie ein &#8220;Eingeborener&#8221; aussieht. \ud83d\ude42 (Na ja, zumindest den Stereotypen \u00fcber das Aussehen von US-Amerikanern nach.) Vielleicht &hellip; <a href=\"https:\/\/bertilow.com\/blogo\/2005\/08\/unser-usa-bild-nia-usono-bildo\/\" class=\"more-link\">Da\u016drigi legadon<span class=\"screen-reader-text\"> &#8220;Unser USA-Bild \/ Nia Usono-bildo&#8221;<\/span><\/a><\/p>\n","protected":false},"author":3,"featured_media":0,"comment_status":"closed","ping_status":"closed","sticky":false,"template":"","format":"standard","meta":{"footnotes":""},"categories":[5],"tags":[17,16],"_links":{"self":[{"href":"https:\/\/bertilow.com\/blogo\/wp-json\/wp\/v2\/posts\/72"}],"collection":[{"href":"https:\/\/bertilow.com\/blogo\/wp-json\/wp\/v2\/posts"}],"about":[{"href":"https:\/\/bertilow.com\/blogo\/wp-json\/wp\/v2\/types\/post"}],"author":[{"embeddable":true,"href":"https:\/\/bertilow.com\/blogo\/wp-json\/wp\/v2\/users\/3"}],"replies":[{"embeddable":true,"href":"https:\/\/bertilow.com\/blogo\/wp-json\/wp\/v2\/comments?post=72"}],"version-history":[{"count":0,"href":"https:\/\/bertilow.com\/blogo\/wp-json\/wp\/v2\/posts\/72\/revisions"}],"wp:attachment":[{"href":"https:\/\/bertilow.com\/blogo\/wp-json\/wp\/v2\/media?parent=72"}],"wp:term":[{"taxonomy":"category","embeddable":true,"href":"https:\/\/bertilow.com\/blogo\/wp-json\/wp\/v2\/categories?post=72"},{"taxonomy":"post_tag","embeddable":true,"href":"https:\/\/bertilow.com\/blogo\/wp-json\/wp\/v2\/tags?post=72"}],"curies":[{"name":"wp","href":"https:\/\/api.w.org\/{rel}","templated":true}]}}