{"id":38,"date":"2004-12-14T22:40:12","date_gmt":"2004-12-14T13:40:12","guid":{"rendered":"http:\/\/bertilow.com\/blogo\/?p=38"},"modified":"2005-03-07T15:33:50","modified_gmt":"2005-03-07T06:33:50","slug":"weihnachtliches-kristnaskajhoj","status":"publish","type":"post","link":"https:\/\/bertilow.com\/blogo\/2004\/12\/weihnachtliches-kristnaskajhoj\/","title":{"rendered":"Weihnachtliches \/ Kristnaska\u0135oj"},"content":{"rendered":"<p class=\"de\">Jetzt, wo es hier merklich k\u00e4lter wird, regen sich endlich auch in mir ein bisschen weihnachtliche Gef\u00fchle. Dabei wurde auch hier schon Ende November ausgiebig mit dem weihnachtlichen Dekorieren begonnen. Aber bisher war es meistens noch relativ warm, so dass mir alles ein bisschen fehl am Platz vorkam. Doch vor allem ist die Vorweihnacht f\u00fcr mich eigentlich dunkel &#8211; man sitzt eben deshalb gem\u00fctlich bei Kerzenschein in der warmen Stube, trinkt Tee und Gl\u00fchwein und isst Pl\u00e4tzchen. Hier in Korea mit seinem strahlenden Sonnenschein (wir hatten im November und Dezember insgesamt vielleicht sieben Regentage!) f\u00e4llt es mir nach wie vor schwer, in solche, f\u00fcr mich weihnachtliche, Stimmung zu kommen. Dabei tut man hier in Korea als christlichem und sehr amerikanisch beeinflusstem Land sein Bestes!<\/p>\n<p>Nun, kiam fari\u011das rimarkeble pli malvarme, finfine anka\u016d en mi veki\u011das iomete da Kristnaska sento. Kvankam oni anka\u016d \u0109i tie jam en la fino de Novembro abunde komencis pri la Kristnaska ornamado. Sed \u011dis nun estis plejparte sufi\u0109e varme, kaj tial \u0109io al mi impresis iom mislokita. Tamen por mi la anta\u016dkristnaska tempo propre estas malluma. Tial oni simple sidas agrable \u0109e kandela lumo en la varma domo, trinkante teon kaj ardan vinon, kaj man\u011dante biskvitojn. \u0108i tie en Koreujo kun ties brila sunlumo (ni havis en Novembro kaj Decembro sume eble sep pluvotagojn!) estas al mi ankora\u016d malfacile eniri en tian, la\u016d mi Kristnaskan, etoson. Sed por tio oni faras sian plejbonon \u0109i tie en Koreujo, kiu estas Kristana kaj tre Usone influita lando.<\/p>\n<p><!--more--><\/p>\n<div class=\"bildo maldekstra\"><a href=\"\/blogo\/wp-content\/uploads\/kristnaska_arbo2_metroo.png\"><img decoding=\"async\" id=\"b-kristnaska_arbo2_metroo.png\" src=\"\/blogo\/wp-content\/uploads\/thumb-kristnaska_arbo2_metroo.png\" alt=\"\" \/><\/a><\/p>\n<p>Kristnaska arbo en la metroa stacio <em>Seokkye<\/em> &#8211; donacita de la Kwangun-Universitato<\/p>\n<p class=\"de\">Weihnachtsbaum in der U-Bahn-Station <em>Seokkye<\/em> &#8211; gestiftet von der Kwangun-Universit\u00e4t<\/p>\n<\/div>\n<div class=\"bildo dekstra\"><a href=\"\/blogo\/wp-content\/uploads\/kristnaska_arbo1_metroo.png\"><img decoding=\"async\" id=\"b-kristnaska_arbo1_metroo.png\" src=\"\/blogo\/wp-content\/uploads\/thumb-kristnaska_arbo1_metroo.png\" alt=\"\" \/><\/a><\/p>\n<p>Kristnaska arbo en la metrostacio <em>Yaksu<\/em> &#8211; donacita de la Yaksu-a para\u0125o<\/p>\n<p class=\"de\">Weihnachtsbaum in der U-Bahn-Station <em>Yaksu<\/em> &#8211; gestiftet von der Yaksu-Kirchengemeinde<\/p>\n<\/div>\n<p class=\"de\">In jeder U-Bahn-Station und in fast jedem Gesch\u00e4ft steht ein geschm\u00fcckter Weihnachtsbaum, in vielen Gesch\u00e4ften h\u00e4ngen Weihnachstkr\u00e4nze und klettern Weihnachtsm\u00e4nner irgendwelche Leitern hoch. Diese Kletterweihnachtsmann-Dekoration hat ja auch in Deutschland in den letzten Jahren ziemlich zugenommen, zumindest in T\u00fcbingen habe ich viele solche Weihnachtsm\u00e4nner an den H\u00e4userfassaden gesehen. Ob die Weihnachtsb\u00e4ume in der U-Bahn auch nach amerikanischem Vorbild gestaltet sind, kann ich nicht beurteilen. Sie sind alle auf private Initiative dort aufgestellt, und es steht immer dabei, wer sie gestiftet hat &#8211; meist eine Kirche, Schule oder Universit\u00e4t in der Umgebung.<\/p>\n<p>En \u0109iu metrohaltejo kaj en preska\u016d \u0109iu vendejo staras ornamita Kristnaska arbo; en multaj vendejoj pendas Kristnaskaj kronoj, kaj grimpas Kristnaskaj viroj la\u016d iaj \u015dtupetaroj. Tiaj ornamoj kun grimpantaj Kristnaskaj viroj sufi\u0109e multe disvasti\u011dis anka\u016d en Germanujo dum la pasintaj jaroj. Almena\u016d en T\u00fcbingen mi vidis plurajn tiajn Kristnaskajn virojn sur la domfasadoj. \u0108u anka\u016d la Kristnaskaj arboj en la metroo estas faritaj la\u016d Usona modelo, tion mi ne povas priju\u011di. Ili estas \u0109iuj metitaj tien pro privata iniciato, kaj \u0109iam estas notite, kiu ilin donacis &#8211; plej ofte pre\u011dejo, lernejo a\u016d universitato en la \u0109irka\u016da\u0135o.<\/p>\n<p class=\"de\">Weihnachten ist aber in Korea kein privates Fest. Wenn ich meine Studenten frage, wie sie Weihnachten feiern, dann sagen mir die, die \u00fcberhaupt feiern, dass sie Weihnachten nur in der Kirche feiern. Keine Familienangelegenheit wie bei uns zu Hause, wo man zwar vielleicht auch zu Heiligabend in die Kirche geht, aber haupts\u00e4chlich mit der Familie zu Hause ist. Aber die Einfl\u00fcsse und Entwicklungen hier sind nicht vorauszusehen. Vor 10 Jahren war Korea auch schon sehr christlich, aber da war kaum eine Spur von Weihnachtsdekoration zu sehen. Gefeiert wurde allerdings wohl auch damals schon nur in der Kirche.<\/p>\n<p>Kristnasko en Koreujo tamen ne estas privata festo. Kiam mi demandas al miaj studentoj, kiel ili festas Kristnaskon, tiam diras al mi tiuj, kiuj entute festas, ke ili festas Kristnaskon nur en la pre\u011dejo. \u011ci do ne estas familia afero kiel \u0109e ni hejme, kie oni je la Kristnaska anta\u016dvespero eble anka\u016d iras en la pre\u011dejon, sed kie oni precipe estas hejme kun la familio. Sed la influoj kaj evoluoj \u0109i tie ne estas anta\u016ddireblaj. Anka\u016d anta\u016d 10 jaroj Koreujo jam estis tre Kristana, sed oni apena\u016d vidis spuron de Kristnaska ornamo. Oni tamen ver\u015dajne anka\u016d tiutempe festis nur en la pre\u011dejo.<\/p>\n<div class=\"bildo maldekstra\"><a href=\"\/blogo\/wp-content\/uploads\/kristnasko_che_COEX.png\"><img decoding=\"async\" id=\"b-kristnasko_che_COEX.png\" src=\"\/blogo\/wp-content\/uploads\/thumb-kristnasko_che_COEX.png\" alt=\"\" \/><\/a><\/p>\n<p>Anta\u016d World Trade Center kompreneble \u0109io aspektas malgrande &#8211; anka\u016d pli ol tri metrojn alta Kristnaska arbo<\/p>\n<p class=\"de\">Vor dem World Trade Center sieht nat\u00fcrlich alles klein aus &#8211; auch ein mehr als drei Meter hoher Weihnachtsbaum<\/p>\n<\/div>\n<div class=\"bildo dekstra\"><a href=\"\/blogo\/wp-content\/uploads\/kristnasko_che_COEX2.png\"><img decoding=\"async\" id=\"b-kristnasko_che_COEX2.png\" src=\"\/blogo\/wp-content\/uploads\/thumb-kristnasko_che_COEX2.png\" alt=\"\" \/><\/a><\/p>\n<p>La Kristnaska arbo de la alia flanko<\/p>\n<p class=\"de\">Der Weihnachtsbaum von der anderen Seite<\/p>\n<\/div>\n<p class=\"de\">Wirkliche Weihnachts-&#8220;Ereignisse&#8221; wie lebendige Weihnachtsm\u00e4nner :-), Weihnachtsfiguren und M\u00e4rkte mit Buden finden an Orten statt, die ohnehin schon viel unter ausl\u00e4ndischem Einfluss stehen. Einer dieser Orte ist das Gel\u00e4nde des COEX-Ausstellungszentrums an der U-Bahn-Station <em>Samsong<\/em>. In der COEX Mall gibt es viele internationale Restaurants und Gesch\u00e4fte, und dort steht auch ein gro\u00dfer Weihnachtsbaum.<\/p>\n<p>Veraj Kristnaskaj &#8220;eventoj&#8221; kiel vivantaj Kristnaskaj viroj :-), Kristnaskaj figuroj kaj bazaroj kun budoj, aperas en lokoj, kiuj \u0109iuokaze jam estas sub forta influo el eksterlando. Unu tia loko estas la tereno de la COEX-a ekspozicia centro \u0109e la metrostacio <em>Samsong<\/em>. En la COEX-a butikcentro trovi\u011das multaj internaciaj restoracioj kaj vendejoj, kaj tie staras anka\u016d granda Kristnaska arbo.<\/p>\n<p><br style=\"clear:both\" \/><\/p>\n<div class=\"bildo maldekstra\"><a href=\"\/blogo\/wp-content\/uploads\/germana_kristnaska_bazaro.png\"><img decoding=\"async\" id=\"b-germana_kristnaska_bazaro.png\" src=\"\/blogo\/wp-content\/uploads\/thumb-germana_kristnaska_bazaro.png\" alt=\"\" \/><\/a><\/p>\n<p>Enirejo de la Germana Kristnaska bazaro en Seulo<\/p>\n<p class=\"de\">Eingang zum deutschen Weihnachtsmarkt in Seoul<\/p>\n<\/div>\n<p class=\"de\" id=\"weinachtsmarkt\">Zwischen der COEX und dem World Trade Center ist zur Zeit auch ein &#8220;echter&#8221; deutscher Weihnachtsmarkt. Echt soll hei\u00dfen: mit Gl\u00fchwein, Stolle, Lebkuchen und allerlei Erzgebirgsprodukten aus Deutschland. Eigentlich gut gedacht und angeblich auch professionell organisiert, n\u00e4mlich von der Deutsch-Koreanischen Industrie- und Handelskammer. Ich war sehr neugierig &#8211; vor allem wegen unserer Studenten &#8211; und bin mit Bernd und einigen Studenten dann auch mal dorthin gegangen. Aber was f\u00fcr eine Entt\u00e4uschung! Zwischen den Hochh\u00e4usern stehen beziehungslos ein paar Buden herum, die den Platz einfach nicht ausf\u00fcllen k\u00f6nnen. Dass die Buden aus nagelneuem Holz waren, hat auch nicht gerade mehr Stimmung gebracht, also nichts von der engen kuscheligen Weihnachtsmarktstimmung, die ich sonst so kenne. Von so einem prototypischen Weihnachtsmarkt war ein Bild auf der Gl\u00fchweintasse, genauer gesagt vom Weihnachtsmarkt in M\u00fcnchen &#8211; mit der Aufschrift  &#8220;Deutscher Weihnachtsmarkt Seoul&#8221;. Der Gl\u00fchwein war ansonsten ganz in Ordnung, und Lebkuchen und Stolle gab es auch, verst\u00e4ndlicherweise zu Wucherpreisen wegen des Transports und des Zolls. Aber umgerechnet 27,00 Euro f\u00fcr eine (immerhin Dresdener) Stolle waren mir dann doch auch zuviel. Bernd hat noch Reibekuchen und Bratwurst probiert und fand, dass man damit auch &#8220;keinen Koreaner vom <em>Ondol<\/em> (= Fu\u00dfbodenheizung) \ud83d\ude42 weglocken k\u00f6nne&#8221;. Unsere Studenten waren dann auch ein bisschen entt\u00e4uscht vom deutschen Weihnachtsmarkt.<\/p>\n<p id=\"kristnaskabazaro\">Inter COEX kaj World Trade Center trovi\u011das \u011duste nun anka\u016d &#8220;vera&#8221; Germana Kristnaska bazaro. Vereco signifas: kun arda vino, fruktokukoj, zingibraj kuketoj kaj \u0109iuspecaj produktoj el la Ercmontaro en Germanujo. Efektive \u011di estis bone elpensita kaj la\u016ddire anka\u016d profesio organizita, nome de la German-Korea Industria kaj Komerca \u0108ambro. Mi estis tre scivolema &#8211; precipe pro niaj studentoj &#8211; kaj mi iris tien kune kun Bernd kaj kelkaj studentoj. Sed kia elrevi\u011do! Inter la multeta\u011daj domoj staras dise kelkaj perdi\u011dintaj budoj, kiuj simple ne kapablas plenigi la spacon. Tio, ke la budoj estas el plene nova ligno, ne aparte pliigis la etoson. Estis do neniom da tia intima hejmeca Kristnaskbazara etoso, kiun mi ordinare konas. Sur la ardvinaj tasoj estis bildo de tia prototipa Kristnaska bazaro, pli precize de la Kristnaska bazaro en Munkeno &#8211; kun la surskribo &#8220;Seula Germana Kristnaska Bazaro&#8221;. La arda vino cetere estis tute akceptebla, kaj anka\u016d trovi\u011dis zingibraj kuketoj kaj fruktokukoj, kompreneble je uzuraj prezoj pro la transportado kaj dogano. Sed la responda\u0135o de 27,00 e\u016droj por (tamen Dresdena) fruktokuko estis al mi tamen tro. Bernd provis anka\u016d terpomajn patkukojn kaj fritkolbason, kaj li trovis, ke oni anka\u016d per tiuj povus logi &#8220;neniun Koreon for de la <em>Ondol<\/em> (= la planka hejtado) :-)&#8221;. Anka\u016d niaj studentoj estis tiam iomete elrevigitaj pri la Germana Kristnaska bazaro.<\/p>\n<p class=\"de\">Ihr seht also, andere L\u00e4nder, andere Weihnachtsumst\u00e4nde &#8211; aber ist es wirklich so, dass man so sehr an die eigenen heimatlich-vertrauten Umst\u00e4nde gew\u00f6hnt ist, dass man alles andere als nicht authentisch empfindet? Selbst ein &#8220;richtiger&#8221; deutscher Weihnachtsmarkt w\u00fcrde hier im strahlenden Sonnenschein wohl nicht authentisch auf mich wirken, und Koreaner w\u00fcrden dann wiederum alles anders wahrnehmen und sich ein eigenes Bild von deutscher Kultur machen&#8230;<\/p>\n<p>Vi do vidas: aliaj landoj, aliaj Kristnaskaj kondi\u0109oj &#8211; sed \u0109u eble estas vere tiel, ke oni estas tiom alkutimi\u011dinta al la propraj hejmlande kutimaj kondi\u0109oj, ke oni sentas \u0109ion alian kiel ne-a\u016dtentikan? E\u0109 &#8220;vera&#8221; Germana Kristnaska bazaro ver\u015dajne ne efikus al mi a\u016dtentike \u0109i tie en la brila sunlumo, kaj Koreoj tiam denove \u0109ion alie perceptus, kaj farus al si propran bildon de la Germana kulturo&#8230;<\/p>\n<p><br style=\"clear:both\" \/><\/p>\n","protected":false},"excerpt":{"rendered":"<p>Jetzt, wo es hier merklich k\u00e4lter wird, regen sich endlich auch in mir ein bisschen weihnachtliche Gef\u00fchle. Dabei wurde auch hier schon Ende November ausgiebig mit dem weihnachtlichen Dekorieren begonnen. Aber bisher war es meistens noch relativ warm, so dass mir alles ein bisschen fehl am Platz vorkam. Doch vor allem ist die Vorweihnacht f\u00fcr &hellip; <a href=\"https:\/\/bertilow.com\/blogo\/2004\/12\/weihnachtliches-kristnaskajhoj\/\" class=\"more-link\">Da\u016drigi legadon<span class=\"screen-reader-text\"> &#8220;Weihnachtliches \/ Kristnaska\u0135oj&#8221;<\/span><\/a><\/p>\n","protected":false},"author":3,"featured_media":0,"comment_status":"closed","ping_status":"closed","sticky":false,"template":"","format":"standard","meta":{"footnotes":""},"categories":[2],"tags":[9,8],"_links":{"self":[{"href":"https:\/\/bertilow.com\/blogo\/wp-json\/wp\/v2\/posts\/38"}],"collection":[{"href":"https:\/\/bertilow.com\/blogo\/wp-json\/wp\/v2\/posts"}],"about":[{"href":"https:\/\/bertilow.com\/blogo\/wp-json\/wp\/v2\/types\/post"}],"author":[{"embeddable":true,"href":"https:\/\/bertilow.com\/blogo\/wp-json\/wp\/v2\/users\/3"}],"replies":[{"embeddable":true,"href":"https:\/\/bertilow.com\/blogo\/wp-json\/wp\/v2\/comments?post=38"}],"version-history":[{"count":0,"href":"https:\/\/bertilow.com\/blogo\/wp-json\/wp\/v2\/posts\/38\/revisions"}],"wp:attachment":[{"href":"https:\/\/bertilow.com\/blogo\/wp-json\/wp\/v2\/media?parent=38"}],"wp:term":[{"taxonomy":"category","embeddable":true,"href":"https:\/\/bertilow.com\/blogo\/wp-json\/wp\/v2\/categories?post=38"},{"taxonomy":"post_tag","embeddable":true,"href":"https:\/\/bertilow.com\/blogo\/wp-json\/wp\/v2\/tags?post=38"}],"curies":[{"name":"wp","href":"https:\/\/api.w.org\/{rel}","templated":true}]}}