{"id":230,"date":"2009-05-30T05:32:35","date_gmt":"2009-05-29T20:32:35","guid":{"rendered":"http:\/\/bertilow.com\/blogo\/?p=230"},"modified":"2009-06-06T17:38:14","modified_gmt":"2009-06-06T16:38:14","slug":"unser-alltaegliches-leben-nia-chiutageca-vivo","status":"publish","type":"post","link":"https:\/\/bertilow.com\/blogo\/2009\/05\/unser-alltaegliches-leben-nia-chiutageca-vivo\/","title":{"rendered":"Unser allt\u00e4gliches Leben \/ Nia \u0109iutageca vivo"},"content":{"rendered":"<p class=\"de\">Von au\u00dfen betrachtet, erscheint unser jetziges Leben wahrscheinlich fad und ziemlich b\u00fcrgerlich. Weil wir beide arbeiten, stehen wir in der Woche immer sehr fr\u00fch auf und gehen deshalb auch zeitig schlafen. Nicht gerade mit den H\u00fchnern, von denen es auf unserem Dorf reichlich gibt, aber bis Mitternacht k\u00f6nnen wir auch meist nicht aufbleiben[1]. Au\u00dferdem bleibt, wenn man so den ganzen Tag arbeitet, gerade noch Zeit f\u00fcr Sport und ein bisschen Einkauf, manchmal auch f\u00fcr einen Abendspaziergang und ein bisschen Gartenarbeit (ja, ja, einen Garten haben wir jetzt auch! \ud83d\ude42 ). Wie das eben so ist. Keine gro\u00dfen Aufregungen, keine Abenteuer in fernen L\u00e4ndern der weiten Welt.<\/p>\n<p class=\"de\">[1. Ich gehe meistens um 22 Uhr oder noch fr\u00fcher schlafen&#8230; \/ Bertil.]<\/p>\n<p class=\"de\">[&#8230;. das allerdings ist wieder eine von Bertils \u00dcbertreibungen&#8230;. \/ Birke]<\/p>\n<p>Rigardate deekstere nia nuna vivo ver\u015dajne impresas pala kaj sufi\u0109e bur\u011da. Pro tio, ke ni amba\u016d laboras, ni elliti\u011das \u0109iam tre frue en la semajno, kaj tial ni anka\u016d iras dormi tre frue. Ne rekte &#8220;kun la kokinoj&#8221;, da kiuj ekzistas abundo en nia vila\u011do, sed pli longe ol \u011dis noktomezo ni plej ofte ne eltenas[1]. Krome restas, kiam oni do laboras la tutan tagon, tempo nur por sporto kaj iom da butikumado, iafoje anka\u016d por vespera promeno kaj iom da \u011dardena laboro (jes, jes, anka\u016d \u011dardenon ni nun havas! \ud83d\ude42 ). Tiel ja estas. Neniom da granda eksciti\u011do, neniaj aventuroj en foraj landoj de la vasta mondo.<\/p>\n<p>[1. Mi plej ofte enliti\u011das je la 22a horo a\u016d e\u0109 pli frue&#8230;&#8230; \/ Bertilo.]<\/p>\n<p>[&#8230;. tio tamen estas tipe Bertila troigo&#8230;. \/ Birke.]<\/p>\n<p><!--more--><\/p>\n<p class=\"de\">Aber wer ein bisschen mitbekommen hat, welche Sorgen wir uns vor und kurz nach unserer Ankunft in Deutschland gemacht haben, wei\u00df, welch Gl\u00fccksfall es ist, dass wir hier im Nicht-Arbeitsparadies Mecklenburg-Vorpommern \u00fcberhaupt so schnell Arbeit gefunden haben und das Leben mit Haus und Auto, f\u00fcr das wir uns entschieden haben, nun auch relativ sorgenfrei leben k\u00f6nnen.<\/p>\n<p>Sed tiu, kiu iom rimarkis, kiom ni maltrankvilis anta\u016d kaj tuj post nia alveno al Germanujo, scias, kia bon\u015danco estas, ke ni \u0109i tie en la Senlabora Paradizo Meklenburgo-Anta\u016d-Pomerujo tiel rapide trovis laboron kaj tial povas relative senzorge vivi tiun vivon kun domo kaj a\u016dto, por kiu ni decidi\u011dis.<\/p>\n<p class=\"de\">Zuerst war Bertil mit der Arbeitssuche dran. Seine Bewerbungsunterlagen haben wir gr\u00fcndlich auf Deutsch ausgearbeitet und er hat daraus eine Bewerbungshomepage gemacht um sich entsprechend als Programmierer bewerben zu k\u00f6nnen. Diese Zeit war gut investiert, denn gleich die erste Bewerbung war ein Erfolg! Seit M\u00e4rz arbeitet er nun in einer Firma, die Fertigh\u00e4user baut und programmiert da irgendwas. Was genau, wei\u00df ich auch nicht[2], aber wichtig ist ja, dass er sich wohl f\u00fchlt. Und dass die Arbeit anspruchsvoll ist. Und das Beste: er muss nicht jeden Tag mehrere Stunden im Auto verbringen um zur Arbeit zu fahren &#8211; die Firma sitzt im Nachbardorf, 10 Minuten mit dem Auto. Wunderbar.<\/p>\n<p class=\"de\">[2. Ein Verwaltungssystem in PHP, MySQL und JavaScript. \/ Bertil]<\/p>\n<p>Unue Bertilo ekser\u0109is laboron. Liajn kandidatajn dokumentojn ni ellaboris skrupule en la Germana, kaj poste li faris el tio laborser\u0109an TTT-ejon por povi la\u016de sin prezenti kiel programiston. Tiu tempo estis bona investo, \u0109ar jam la unua kandidati\u011do estis sukcesa! De Marto li nun laboras en firmao, kiu produktas lo\u011dopretajn domojn, ion programante tie. Precize kion, mi ne scias[2], sed estas grave, ke li sentas sin bone. Kaj ke la laboro estas postula. Kaj la plej bona: li ne bezonas \u0109iutage pasigi plurajn horojn en la a\u016dto por iri al la laborejo &#8211; la firmao situas en la najbara vila\u011do, je 11-minuta distanco per a\u016dto. Mirinde.<\/p>\n<p>[2. Administran sistemon en PHP, MySQL kaj Javaskripto. \/ Bertilo]<\/p>\n<p class=\"de\">Ich musste ein wenig l\u00e4nger nach einer passenden Arbeit suchen. Ich konnte zuerst gar nicht genau sagen, wonach ich suche. Nach Deutschunterricht? Nach irgendwas im Unibereich? Nach irgendwas mit Koreanisch? Ich hatte keine Ahnung. Also habe ich es auf mich zukommen lassen, und schon bald nach meiner offiziellen Arbeitslosmeldung Ende Februar \/ Anfang M\u00e4rz bekam ich Arbeitsangebote wie von selbst &#8211; durch Freunde, Bekannte und auch vom Arbeitsamt. Eins dieser Angebote habe ich angenommen: Deutschunterricht auf sehr hohem (f\u00fcr die Fachleute: C1) Niveau, f\u00fcr ungew\u00f6hnlich gutes Honorar &#8211; an der Hochschule <a href=\"http:\/\/www.ipernity.com\/doc\/birke\/album\/126349\">Fulda<\/a>. Parallel dazu kam ein zweites: Assistentin der Gesch\u00e4ftsleitung bei einer Firma hier in der N\u00e4he, verantwortlich f\u00fcr englischsprachige Gesch\u00e4ftskunden. Diese Arbeit habe ich angenommen (und in Fulda nur drei Wochen lang unterrichtet), denn sie verbindet idealerweise Internationalit\u00e4t mit einem sehr kurzen Arbeitsweg: mein Chef sitzt hier im Dorf, da kann ich zu Fu\u00df hingehen, wenn was zu besprechen ist. Ich muss im Moment vor allem viel per Mail kommunizieren und manchmal Firmenbesucher begleiten. Und es ist eine Halbtagsstelle, die mir wirklich genug Zeit f\u00fcr andere Dinge l\u00e4sst.<\/p>\n<p>MI devis iomete pli longe ser\u0109i ta\u016dgan laboron. Unue mi ne povis precize diri, kion mi ser\u0109is. \u0108u instruadon de la Germana? \u0108u ion universitatan? \u0108u ion kun Korea rilato? Mi tute ne sciis. Mi do estis malferma por \u0109io ajn, kaj jam balda\u016d post mia oficiala anonci\u011do kiel senlaborulino, en la fino de Februaro \/ komenco de Marto, mi ricevis laborofertojn kvaza\u016d per si mem &#8211; tra amikoj, konatoj kaj anka\u016d de la senlaborula oficejo. Unu el tiuj ofertoj mi akceptis: instruadon de la Germana je tre alta nivelo (por fakuloj: C1), por nekutime bona honorario &#8211; en la altlernejo en <a href=\"http:\/\/www.ipernity.com\/doc\/birke\/album\/126349\">Fulda<\/a>. Paralele mi ricevis duan proponon: postenon kiel asistantino por la entreprenestro de firmao \u0109i tie en la proksima\u0135o, kun respondeco pri la Anglalingvaj komercaj klientoj. Tiun laboron mi nun akceptis (kaj instruis en Fulda nur dum tri semajnoj), \u0109ar \u011di ideale kombinas internaciecon kun tre mallonga vojo al la laborejo: Mia \u0109efo sidas \u0109i tie en la vila\u011do, tien mi povas iri piede, kiam ni devas ion priparoli. \u011custe nun mi precipe devas multe komuniki retpo\u015dte, kaj iafoje akompani firmaajn vizitantojn. Kaj temas pri duontempa laboro, kiu vere donas al mi sufi\u0109e da tempo por aliaj aferoj.<\/p>\n<p class=\"de\">Besser h\u00e4tte es fast nicht kommen k\u00f6nnen. Oder doch: beide unsere Stellen h\u00e4tten unbefristet sein k\u00f6nnen &#8211; im Moment sind sie bis Jahresende befristet. Aber auf alle F\u00e4lle ist es ein sehr guter Anfang, den wir so positiv nach einem Auslandsaufenthalt von mehreren Jahren gar nicht erwartet hatten.<\/p>\n<p>Apena\u016d povus elturni\u011di pli bone. A\u016d eble tamen: amba\u016d niaj postenoj povus esti tempe nelimigitaj &#8211; sed la\u016d la nunaj interkonsentoj ili da\u016dros nur \u011dis la fino de la jaro. Sed \u0109iuokaze estas tre bona komenco. Ion tiel pozitivan ni tute ne atendis post plurjara restado en eksterlando.<\/p>\n","protected":false},"excerpt":{"rendered":"<p>Von au\u00dfen betrachtet, erscheint unser jetziges Leben wahrscheinlich fad und ziemlich b\u00fcrgerlich. Weil wir beide arbeiten, stehen wir in der Woche immer sehr fr\u00fch auf und gehen deshalb auch zeitig schlafen. Nicht gerade mit den H\u00fchnern, von denen es auf unserem Dorf reichlich gibt, aber bis Mitternacht k\u00f6nnen wir auch meist nicht aufbleiben[1]. Au\u00dferdem bleibt, &hellip; <a href=\"https:\/\/bertilow.com\/blogo\/2009\/05\/unser-alltaegliches-leben-nia-chiutageca-vivo\/\" class=\"more-link\">Da\u016drigi legadon<span class=\"screen-reader-text\"> &#8220;Unser allt\u00e4gliches Leben \/ Nia \u0109iutageca vivo&#8221;<\/span><\/a><\/p>\n","protected":false},"author":3,"featured_media":0,"comment_status":"open","ping_status":"closed","sticky":false,"template":"","format":"standard","meta":{"footnotes":""},"categories":[1],"tags":[48,11,10,49,58,59],"_links":{"self":[{"href":"https:\/\/bertilow.com\/blogo\/wp-json\/wp\/v2\/posts\/230"}],"collection":[{"href":"https:\/\/bertilow.com\/blogo\/wp-json\/wp\/v2\/posts"}],"about":[{"href":"https:\/\/bertilow.com\/blogo\/wp-json\/wp\/v2\/types\/post"}],"author":[{"embeddable":true,"href":"https:\/\/bertilow.com\/blogo\/wp-json\/wp\/v2\/users\/3"}],"replies":[{"embeddable":true,"href":"https:\/\/bertilow.com\/blogo\/wp-json\/wp\/v2\/comments?post=230"}],"version-history":[{"count":0,"href":"https:\/\/bertilow.com\/blogo\/wp-json\/wp\/v2\/posts\/230\/revisions"}],"wp:attachment":[{"href":"https:\/\/bertilow.com\/blogo\/wp-json\/wp\/v2\/media?parent=230"}],"wp:term":[{"taxonomy":"category","embeddable":true,"href":"https:\/\/bertilow.com\/blogo\/wp-json\/wp\/v2\/categories?post=230"},{"taxonomy":"post_tag","embeddable":true,"href":"https:\/\/bertilow.com\/blogo\/wp-json\/wp\/v2\/tags?post=230"}],"curies":[{"name":"wp","href":"https:\/\/api.w.org\/{rel}","templated":true}]}}