{"id":100,"date":"2006-06-06T00:47:45","date_gmt":"2006-06-05T15:47:45","guid":{"rendered":"http:\/\/bertilow.com\/blogo\/?p=100"},"modified":"2006-06-06T00:48:55","modified_gmt":"2006-06-05T15:48:55","slug":"am-wahltag-dum-la-balototago","status":"publish","type":"post","link":"https:\/\/bertilow.com\/blogo\/2006\/06\/am-wahltag-dum-la-balototago\/","title":{"rendered":"Am Wahltag \/ Dum la balototago"},"content":{"rendered":"<p class=\"de\">Ein kleiner Nachtrag zum <a href=\"\/blogo\/?p=97\">Wahlkampf<\/a>: Am Wahltag selbst war es v\u00f6llig ruhig. Keine Lieder, keine Rufe, keine Reden. Es herrschte fast die Stimmung deutscher Wochenenden und Feiertage, an denen meist wenig Leute unterwegs sind.<\/p>\n<p>Eta postskribo pri la <a href=\"\/blogo\/?p=97\">elektokampanjo<\/a>: En la efektiva balota tago estis tute kviete. Neniuj kantoj, neniuj krioj, neniuj paroladoj. Regis preska\u016d la etoso de Germanaj semajnfinoj kaj festotagoj, en kiuj ofte malmultaj homoj iras surstrate.<\/p>\n<p class=\"de\">Vielleicht kam es mir aber auch nur so ruhig vor, weil die Wahlk\u00e4mpfer an den beiden Vorabenden noch einmal zu H\u00f6chstformen aufgelaufen waren. Unter die werbenden Frauen mischten sich M\u00e4nner, die Gruppen wuchsen auf teilweise acht Personen an. Offenbar gab es auch spontane Unterst\u00fctzer, die dann mal kurz mit eingereiht wurden. Eine Gruppe sang unerm\u00fcdlich Loblieder auf ihren Kandidaten &#8211; live und mit Mikrofon. Auch zu ihnen gesellten sich noch spontane Unterst\u00fctzer in roten Fu\u00dfball-T-Shirts mit der Aufschrift &#8220;Let&#8217;s go, Korea!&#8221; &#8211; aber die wachsende Fu\u00dfball-Euphorie im Vorfeld der Weltmeisterschaft ist schon wieder ein anderes Thema.<\/p>\n<p>Eble nur \u015dajnis al mi tiel kviete, \u0109ar en la du anta\u016daj tagoj la la balotaj batalantoj ankora\u016dfoje el\u0109erpis la lastajn rezervojn kaj atingis la staton de plej bona kondi\u0109o. Kun la varbantaj virinoj miksi\u011dis viroj, la grupoj kreskis \u011dis iafoje ok personoj. Evidente trovi\u011dis anka\u016d spontaneaj subtenantoj, kiuj de tempo al tempo estis envicigitaj. Iuj grupoj senlace kantis la\u016ddokantojn pri sia kandidato &#8211; sen mimado kaj kun mikrofono. Anka\u016d al ili ankora\u016d ali\u011dis spontaneaj subtenantoj en ru\u011daj piedpilkadaj T-\u0109emizoj kun la surskribo &#8220;Let&#8217;s go, Korea!&#8221; &#8211; sed la kreskanta piedpilkada e\u016dforio anticipe al la monda \u0109ampioneco estas tamen alia temo.<\/p>\n<p class=\"de\">Inzwischen habe ich von einer deutschen Freundin erfahren, dass bei den Kommunalwahlen auch Ausl\u00e4nder mit einiger M\u00fche w\u00e4hlen k\u00f6nnen. Die M\u00fche bezieht sich auf die ganze B\u00fcrokratie drumherum. Na, wie gesagt, ich h\u00e4tte nur aufgrund des Wahlkampfs sowieso nichts entscheiden k\u00f6nnen. Meine Studenten sind \u00fcbrigens nach eigener Aussage alle w\u00e4hlen gegangen,  hatten aber eine vorgefasste Meinung dazu, welche Partei sie w\u00e4hlen wollen. Wie ich vermutet hatte.<\/p>\n<p>Intertempe mi eksciis de Germana amikino, ke \u0109e la distriktaj elektoj anka\u016d eksterlandanoj rajtas baloti e\u0109 se iom pene. La peno rilatas al la tuta burokratismo \u0109irka\u016d tio. Nu, kiel dirite, nur pro la balota kampanjo mi \u0109iuokaze ne povus decidi, por kiu vo\u0109doni.  Cetere miaj studentoj la\u016d propra aserto \u0109iuj iris baloti, sed ili jam anta\u016de sciis, kiun partion ili volas elekti. Kiel mi supozis.<\/p>\n","protected":false},"excerpt":{"rendered":"<p>Ein kleiner Nachtrag zum Wahlkampf: Am Wahltag selbst war es v\u00f6llig ruhig. Keine Lieder, keine Rufe, keine Reden. Es herrschte fast die Stimmung deutscher Wochenenden und Feiertage, an denen meist wenig Leute unterwegs sind. Eta postskribo pri la elektokampanjo: En la efektiva balota tago estis tute kviete. Neniuj kantoj, neniuj krioj, neniuj paroladoj. Regis preska\u016d &hellip; <a href=\"https:\/\/bertilow.com\/blogo\/2006\/06\/am-wahltag-dum-la-balototago\/\" class=\"more-link\">Da\u016drigi legadon<span class=\"screen-reader-text\"> &#8220;Am Wahltag \/ Dum la balototago&#8221;<\/span><\/a><\/p>\n","protected":false},"author":3,"featured_media":0,"comment_status":"closed","ping_status":"closed","sticky":false,"template":"","format":"standard","meta":{"footnotes":""},"categories":[1],"tags":[9,8],"_links":{"self":[{"href":"https:\/\/bertilow.com\/blogo\/wp-json\/wp\/v2\/posts\/100"}],"collection":[{"href":"https:\/\/bertilow.com\/blogo\/wp-json\/wp\/v2\/posts"}],"about":[{"href":"https:\/\/bertilow.com\/blogo\/wp-json\/wp\/v2\/types\/post"}],"author":[{"embeddable":true,"href":"https:\/\/bertilow.com\/blogo\/wp-json\/wp\/v2\/users\/3"}],"replies":[{"embeddable":true,"href":"https:\/\/bertilow.com\/blogo\/wp-json\/wp\/v2\/comments?post=100"}],"version-history":[{"count":0,"href":"https:\/\/bertilow.com\/blogo\/wp-json\/wp\/v2\/posts\/100\/revisions"}],"wp:attachment":[{"href":"https:\/\/bertilow.com\/blogo\/wp-json\/wp\/v2\/media?parent=100"}],"wp:term":[{"taxonomy":"category","embeddable":true,"href":"https:\/\/bertilow.com\/blogo\/wp-json\/wp\/v2\/categories?post=100"},{"taxonomy":"post_tag","embeddable":true,"href":"https:\/\/bertilow.com\/blogo\/wp-json\/wp\/v2\/tags?post=100"}],"curies":[{"name":"wp","href":"https:\/\/api.w.org\/{rel}","templated":true}]}}